{"id":4673,"date":"2026-03-10T11:44:34","date_gmt":"2026-03-10T10:44:34","guid":{"rendered":"https:\/\/www.lagazelleperchee.com\/?p=4673"},"modified":"2026-04-07T00:44:01","modified_gmt":"2026-04-06T22:44:01","slug":"marie-helene-lafon-une-autrice-cantalienne","status":"publish","type":"post","link":"https:\/\/www.lagazelleperchee.com\/en\/marie-helene-lafon-une-autrice-cantalienne\/","title":{"rendered":"Marie-H\u00e9l\u00e8ne Lafon, \u00e9crivaine originaire du Cantal"},"content":{"rendered":"<div class=\"brz brz-root__container brz-reset-all brz-root__container-page\">\n<section id=\"main\" data-brz-id=\"mxKEAqL6S0ep_mxKEAqL6S0ep\" class=\"brz-section brz-css-d-section brz-css-r30gfx\">\n<div class=\"brz-section__content brz-section--boxed brz-css-d-sectionitem-bg brz-css-pmzzn9\" data-brz-custom-id=\"xviEdGwcec6d\">\n<div class=\"brz-bg\">\n<div class=\"brz-bg-color\"><\/div>\n<\/div>\n<div class=\"brz-container brz-css-d-sectionitem-container brz-css-1svs3b4\">\n<div class=\"brz-row__container brz-css-d-row-row brz-css-1peqctm\" data-brz-custom-id=\"gO456WB55UDO\">\n<div class=\"brz-row brz-css-d-row-container brz-css-omyk56\">\n<div class=\"brz-columns brz-css-d-column-column brz-css-15ujlqo\" data-brz-custom-id=\"b4V07hKwJl6M\">\n<div class=\"brz-column__items brz-css-d-column-bg brz-css-t0oqew\">\n<div id=\"\" class=\"brz-css-d-wrapper brz-css-xyh5nh brz-wrapper\">\n<div class=\"brz-image brz-css-d-image-dlepn7eh6top-parent brz-css-1ehz13m\" data-brz-custom-id=\"dLepn7eh6TOp\"><img decoding=\"async\" class=\"brz-img\" src=\"https:\/\/www.lagazelleperchee.com\/wp-content\/uploads\/brizy\/imgs\/Marie-Helene-Lafon-651x434x107x0x397x434x1767899630.webp\" loading=\"lazy\" title=\"Marie Helene Lafon\"><\/div>\n<\/div>\n<\/div>\n<\/div>\n<div class=\"brz-columns brz-css-d-column-column brz-css-1occgix\" data-brz-custom-id=\"eQzoDVdPWRQK\">\n<div class=\"brz-column__items brz-css-d-column-bg brz-css-twg7v7\">\n<div id=\"\" class=\"brz-css-d-wrapper brz-css-1v91f06 brz-wrapper\">\n<div class=\"brz-rich-text brz-rich-text__custom brz-css-d-richtext brz-css-z7bqn9\" data-brz-custom-id=\"f35Oh8qEbWt8\">\n<div data-brz-translate-text=\"1\">\n<h1 class=\"brz-fsft-xs-0 brz-fwdth-xs-100 brz-vfw-xs-400 brz-lh-xs-1_4 brz-ls-xs-0 brz-fw-xs-400 brz-fss-xs-px brz-fs-xs-28 brz-tp-xs-empty brz-text-lg-left brz-tp-lg-empty brz-ff-abel brz-ft-google brz-fs-lg-28 brz-fss-lg-px brz-fw-lg-400 brz-ls-lg-0 brz-lh-lg-1_7 brz-vfw-lg-400 brz-fwdth-lg-100 brz-fsft-lg-0 brz-css-iiTjT\" data-generated-css=\"brz-css-p6Fm1\" data-uniq-id=\"aRFGT\">Ses racines<\/h1>\n<\/div>\n<\/div>\n<\/div>\n<div id=\"\" class=\"brz-css-d-wrapper brz-css-guz7hg brz-wrapper\">\n<div class=\"brz-line brz-line-default brz-css-d-line brz-css-wycb7d\" data-brz-custom-id=\"uyQqypTTtHO1\">\n<hr class=\"brz-hr\"><\/div>\n<\/div>\n<div id=\"\" class=\"brz-css-d-wrapper brz-css-6c3j4g brz-wrapper\">\n<div class=\"brz-rich-text brz-rich-text__custom brz-css-d-richtext brz-css-1ukpk6l\" data-brz-custom-id=\"r9r3ota3s3t1\">\n<div data-brz-translate-text=\"1\">\n<p data-generated-css=\"brz-css-hKTxP\" data-uniq-id=\"ymkqm\" class=\"brz-tp-lg-empty brz-ff-abel brz-ft-google brz-fs-lg-18 brz-fss-lg-px brz-fw-lg-400 brz-ls-lg-0 brz-lh-lg-1_7 brz-vfw-lg-400 brz-fwdth-lg-100 brz-fsft-lg-0 brz-css-mdZpD\">\u00c9crivaine originaire du Cantal, Marie-H\u00e9l\u00e8ne Lafon est n\u00e9e en 1962 dans une famille de paysans, sur la commune de Saint-Saturnin. Ce village se situe \u00e0 proximit\u00e9 de S\u00e9gur-les-Villas, o\u00f9 se trouvent les cabanes de La Gazelle Perch\u00e9e.<\/p>\n<\/div>\n<\/div>\n<\/div>\n<\/div>\n<\/div>\n<\/div>\n<\/div>\n<div id=\"\" class=\"brz-css-d-wrapper brz-css-q932pm brz-wrapper\">\n<div class=\"brz-rich-text brz-rich-text__custom brz-css-d-richtext brz-css-1toxvt7\" data-brz-custom-id=\"ln9K3gG3BA4G\">\n<div data-brz-translate-text=\"1\">\n<h2 class=\"brz-text-lg-left brz-tp-xs-empty brz-fs-xs-28 brz-fss-xs-px brz-fw-xs-400 brz-ls-xs-0 brz-lh-xs-1_4 brz-vfw-xs-400 brz-fwdth-xs-100 brz-fsft-xs-0 brz-tp-lg-empty brz-ff-abel brz-ft-google brz-fs-lg-28 brz-fss-lg-px brz-fw-lg-400 brz-ls-lg-0 brz-lh-lg-1_7 brz-vfw-lg-400 brz-fwdth-lg-100 brz-fsft-lg-0 brz-css-ajG0a\" data-uniq-id=\"px5Si\" data-generated-css=\"brz-css-fdejP\">Son parcours<\/h2>\n<\/div>\n<\/div>\n<\/div>\n<div id=\"\" class=\"brz-css-d-wrapper brz-css-adnse2 brz-wrapper\">\n<div class=\"brz-rich-text brz-rich-text__custom brz-css-d-richtext brz-css-1x1r5gy\" data-brz-custom-id=\"wFC5H7S7HVDf\">\n<div data-brz-translate-text=\"1\">\n<p class=\"brz-tp-lg-paragraph ql-align-justify brz-mb-lg-10 brz-css-nAN38\" data-uniq-id=\"k5vco\" data-generated-css=\"brz-css-dZiL6\">Marie-H\u00e9l\u00e8ne Lafon part \u00e0 Paris pour poursuivre ses \u00e9tudes avant d\u2019y devenir enseignante. Elle y passe la majeure partie de son temps, mais aime revenir r\u00e9guli\u00e8rement dans son Cantal natal, o\u00f9 elle se ressource dans sa maison de campagne, non loin de S\u00e9gur-les-Villas.<\/p>\n<p class=\"brz-tp-lg-paragraph ql-align-justify brz-mb-lg-10 brz-css-cLNTM\" data-uniq-id=\"k5vco\" data-generated-css=\"brz-css-dZiL6\">C\u2019est au d\u00e9but des ann\u00e9es 2000 qu\u2019elle commence \u00e0 \u00e9crire.<\/p>\n<p class=\"brz-tp-lg-paragraph ql-align-justify brz-mb-lg-10 brz-css-dlIPg\" data-uniq-id=\"k5vco\" data-generated-css=\"brz-css-dZiL6\">La vall\u00e9e de la Santoire, dont on peut admirer la vue depuis nos cabanes, ainsi que la rivi\u00e8re qui porte le m\u00eame nom, lui sont particuli\u00e8rement ch\u00e8res et reviennent souvent dans ses romans. Ses ouvrages s\u2019inspirent de la vie de nos campagnes et d\u00e9crivent avec pr\u00e9cision l\u2019existence de leurs habitants.<\/p>\n<p class=\"brz-tp-lg-paragraph ql-align-justify brz-mb-lg-10 brz-css-kbwIQ\" data-uniq-id=\"k5vco\" data-generated-css=\"brz-css-dZiL6\">Marie-H\u00e9l\u00e8ne Lafon a re\u00e7u plusieurs prix et distinctions, dont le prestigieux Prix Renaudot en 2020 pour son roman <em>Histoire d\u2019un fils<\/em>.<\/p>\n<p class=\"brz-tp-lg-paragraph ql-align-justify brz-mb-lg-10 brz-css-q2e6L\" data-uniq-id=\"k5vco\" data-generated-css=\"brz-css-dZiL6\">En 2016, <em>L\u2019Annonce<\/em>, adaptation de son roman du m\u00eame titre, a \u00e9t\u00e9 tourn\u00e9 dans le Puy-de-D\u00f4me.<\/p>\n<p class=\"brz-tp-lg-paragraph ql-align-justify brz-mb-lg-10 brz-css-sesPU\" data-uniq-id=\"k5vco\" data-generated-css=\"brz-css-dZiL6\">Son attachement au Cantal est tr\u00e8s pr\u00e9sent dans son \u0153uvre, qui met en lumi\u00e8re la vie rurale et les histoires de celles et ceux qui habitent ces territoires.<\/p>\n<\/div>\n<\/div>\n<\/div>\n<div id=\"\" class=\"brz-css-d-wrapper brz-css-t7a7xb brz-wrapper\">\n<div class=\"brz-rich-text brz-rich-text__custom brz-css-d-richtext brz-css-9gqrtc\" data-brz-custom-id=\"yaacgEpjPMsz\">\n<div data-brz-translate-text=\"1\">\n<h2 class=\"brz-fsft-lg-0 brz-fwdth-lg-100 brz-vfw-lg-400 brz-lh-lg-1_7 brz-ls-lg-0 brz-fw-lg-400 brz-fss-lg-px brz-fs-lg-28 brz-ft-google brz-ff-abel brz-tp-lg-empty brz-text-lg-left brz-tp-xs-empty brz-fs-xs-28 brz-fss-xs-px brz-fw-xs-400 brz-ls-xs-0 brz-lh-xs-1_4 brz-vfw-xs-400 brz-fwdth-xs-100 brz-fsft-xs-0 brz-css-gxiAN\" data-uniq-id=\"cNarp\" data-generated-css=\"brz-css-yP5ta\">Son dernier roman<\/h2>\n<\/div>\n<\/div>\n<\/div>\n<div id=\"\" class=\"brz-css-d-wrapper brz-css-zref3y brz-wrapper\">\n<div class=\"brz-rich-text brz-rich-text__custom brz-css-d-richtext brz-css-abkdez\" data-brz-custom-id=\"yGBBZLrkjBFJ\">\n<div data-brz-translate-text=\"1\">\n<p class=\"brz-tp-lg-paragraph brz-css-bx5wb\" data-uniq-id=\"iSAsr\" data-generated-css=\"brz-css-mTwbT\">Ces derni\u00e8res semaines, nous avons pu la voir dans plusieurs \u00e9missions, notamment <em>La Grande Librairie<\/em> diffus\u00e9e sur France 5. Elle a \u00e9galement \u00e9t\u00e9 invit\u00e9e sur diff\u00e9rentes radios, comme RTL, pour parler de son dernier livre, <em>Hors Champs<\/em>, paru en janvier 2026.<\/p>\n<p class=\"brz-tp-lg-paragraph brz-css-zF9PK\" data-uniq-id=\"jMM0Y\" data-generated-css=\"brz-css-hSw8n\">Vous trouverez ses livres \u00e0 la librairie<\/p>\n<p class=\"brz-tp-lg-paragraph brz-css-prCO2\" data-uniq-id=\"e1vrU\" data-generated-css=\"brz-css-zsOY0\"><strong>Aux Belles Pages <\/strong>46 rue du Bon Secours 15300 Murat.<\/p>\n<\/div>\n<\/div>\n<\/div>\n<div class=\"brz-wrapper-clone brz-flex-xs-wrap brz-css-d-cloneable brz-css-114umy0\" data-brz-custom-id=\"yRdqzjQ83Eba\">\n<div class=\"brz-hover-animation__container\" data-brz-hover-animationid=\"yRdqzjQ83Eba\" data-brz-hover-options=\"%7B%22fill%22:%22forwards%22,%22easing%22:%22cubic-bezier(0.47,%202.02,%200.31,%20-0.36)%22,%22duration%22:600,%22iterations%22:1%7D\" data-brz-hover-reversible=\"true\" data-brz-hover-target=\"%22firstChild%22\" data-brz-hover-animation=\"%5B%7B%22WebkitAnimationTimingFunction%22:%22cubic-bezier(0.47,%202.02,%200.31,%20-0.36)%22,%22offset%22:0%7D,%7B%22WebkitTransform%22:%22scale(1.2)%22,%22transform%22:%22scale(1.2)%22,%22offset%22:1%7D%5D\"><a class=\"brz-a brz-btn brz-css-d-button brz-css-1gcj8eh brz-css-d-button-bg brz-css-cqyvj8\" target=\"_blank\" rel=\"noopener noreferrer\" href=\"https:\/\/www.librairiesindependantes.com\/product\/9782283041604\/\" data-brz-link-type=\"external\" data-brz-custom-id=\"gdV2qZtf2VpZ\"><span data-brz-translate-text=\"1\" class=\"brz-span brz-text__editor\">ACHETER SON DERNIER ROMAN<\/span><\/a><\/div>\n<\/div>\n<div id=\"\" class=\"brz-css-d-wrapper brz-css-r-wrapper brz-css-4pk4t2 brz-wrapper\">\n<div class=\"brz-spacer brz-css-d-spacer brz-css-1kqiw1e\"><\/div>\n<\/div>\n<div id=\"\" class=\"brz-css-d-wrapper brz-css-1ys2wwv brz-wrapper\">\n<div class=\"brz-rich-text brz-rich-text__custom brz-css-d-richtext brz-css-1cfmr3e\" data-brz-custom-id=\"pBuTZJwAkGr2\">\n<div data-brz-translate-text=\"1\">\n<h2 class=\"brz-fsft-lg-0 brz-fwdth-lg-100 brz-vfw-lg-400 brz-lh-lg-1_7 brz-ls-lg-0 brz-fw-lg-400 brz-fss-lg-px brz-fs-lg-28 brz-ft-google brz-ff-abel brz-tp-lg-empty brz-text-lg-left brz-tp-xs-empty brz-fs-xs-28 brz-fss-xs-px brz-fw-xs-400 brz-ls-xs-0 brz-lh-xs-1_4 brz-vfw-xs-400 brz-fwdth-xs-100 brz-fsft-xs-0 brz-css-aIbxz\" data-uniq-id=\"ncCAx\" data-generated-css=\"brz-css-fqdy_\">La Gazelle Perch\u00e9e<\/h2>\n<\/div>\n<\/div>\n<\/div>\n<div id=\"\" class=\"brz-css-d-wrapper brz-css-p6kkfs brz-wrapper\">\n<div class=\"brz-rich-text brz-rich-text__custom brz-css-d-richtext brz-css-oyxl0o\" data-brz-custom-id=\"bRVpJZjlLeC_\">\n<div data-brz-translate-text=\"1\">\n<p class=\"brz-bcp-color1 brz-mb-lg-10 brz-tp-lg-empty brz-ff-poppins brz-ft-google brz-fs-lg-16 brz-fss-lg-px brz-fw-lg-300 brz-ls-lg-0 brz-lh-lg-1_7 brz-vfw-lg-400 brz-fwdth-lg-100 brz-fsft-lg-0 brz-css-rMwoc\" data-uniq-id=\"kGnql\" data-generated-css=\"brz-css-wf509\">Si vous \u00eates lecteurs assidus de Marie-H\u00e9l\u00e8ne Lafon et souhaitez d\u00e9couvrir son Cantal natal, qu\u2019elle \u00e9voque si souvent dans ses romans, nous vous accueillons avec plaisir dans l\u2019une de nos cabanes de La Gazelle Perch\u00e9e.<\/p>\n<p class=\"brz-bcp-color1 brz-mb-lg-10 brz-tp-lg-empty brz-ff-poppins brz-ft-google brz-fs-lg-16 brz-fss-lg-px brz-fw-lg-300 brz-ls-lg-0 brz-lh-lg-1_7 brz-vfw-lg-400 brz-fwdth-lg-100 brz-fsft-lg-0 brz-css-pEvic\" data-uniq-id=\"oMxfx\" data-generated-css=\"brz-css-cpnwm\">Vous pourrez y admirer la belle vall\u00e9e de la Santoire, profiter de la vue depuis la cabane La Gazelle, d\u00e9couvrir ses alentours et partager des moments avec les habitants d\u2019ici.<\/p>\n<\/div>\n<\/div>\n<\/div>\n<div class=\"brz-wrapper-clone brz-flex-xs-wrap brz-css-d-cloneable brz-css-usv462\" data-brz-custom-id=\"glmSGmkvzNan\">\n<div class=\"brz-hover-animation__container\" data-brz-hover-animationid=\"glmSGmkvzNan\" data-brz-hover-options=\"%7B%22fill%22:%22forwards%22,%22easing%22:%22cubic-bezier(0.47,%202.02,%200.31,%20-0.36)%22,%22duration%22:600,%22iterations%22:1%7D\" data-brz-hover-reversible=\"true\" data-brz-hover-target=\"%22firstChild%22\" data-brz-hover-animation=\"%5B%7B%22WebkitAnimationTimingFunction%22:%22cubic-bezier(0.47,%202.02,%200.31,%20-0.36)%22,%22offset%22:0%7D,%7B%22WebkitTransform%22:%22scale(1.2)%22,%22transform%22:%22scale(1.2)%22,%22offset%22:1%7D%5D\"><a class=\"brz-a brz-btn brz-css-d-button brz-css-1sless1 brz-css-d-button-bg brz-css-1kk4z7p\" target=\"_self\" rel=\"noopener\" href=\"https:\/\/www.lagazelleperchee.com\/en\/the-cabins\/\" data-brz-link-type=\"page\" data-brz-custom-id=\"wyhw4KWnx8ra\"><span data-brz-translate-text=\"1\" class=\"brz-span brz-text__editor\">NOS CABANES<\/span><\/a><\/div>\n<\/div>\n<\/div>\n<\/div>\n<\/section><\/div>\n<p><!-- version:1773068329 --><\/p>","protected":false},"excerpt":{"rendered":"<p>Ses racines \u00c9crivaine originaire du Cantal, Marie-H\u00e9l\u00e8ne Lafon est n\u00e9e en 1962 dans une famille de paysans, sur la commune de Saint-Saturnin. Ce village se situe \u00e0 proximit\u00e9 de S\u00e9gur-les-Villas, o\u00f9 se trouvent les cabanes de La Gazelle Perch\u00e9e. Son parcours Marie-H\u00e9l\u00e8ne Lafon part \u00e0 Paris pour poursuivre ses \u00e9tudes avant d\u2019y devenir enseignante. Elle &#8230; <a title=\"Marie-H\u00e9l\u00e8ne Lafon, \u00e9crivaine originaire du Cantal\" class=\"read-more\" href=\"https:\/\/www.lagazelleperchee.com\/en\/marie-helene-lafon-une-autrice-cantalienne\/\" aria-label=\"Read more about Marie-H\u00e9l\u00e8ne Lafon, \u00e9crivaine originaire du Cantal\">Read more<\/a><\/p>","protected":false},"author":2,"featured_media":4674,"comment_status":"closed","ping_status":"closed","sticky":false,"template":"brizy-blank-template.php","format":"standard","meta":{"_seopress_robots_primary_cat":"none","_seopress_titles_title":"Marie-H\u00e9l\u00e8ne Lafon : l\u2019\u00e9crivaine du Cantal inspir\u00e9e par la vall\u00e9e de la Santoire","_seopress_titles_desc":"Marie-H\u00e9l\u00e8ne Lafon, \u00e9crivaine n\u00e9e dans le Cantal, puise son inspiration dans la vall\u00e9e de la Santoire et la vie rurale. Portrait et actualit\u00e9 de son livre Hors Champs.","_seopress_robots_index":"","footnotes":""},"categories":[1],"tags":[],"class_list":["post-4673","post","type-post","status-publish","format-standard","has-post-thumbnail","hentry","category-non-classe"],"brizy_media":[{"id":1270,"url":"https:\/\/www.lagazelleperchee.com\/wp-content\/uploads\/2025\/11\/Randonnee-Gazelle-Perchee.jpg","name":"Randonnee-Gazelle-Perchee.jpg","meta":{"brizy_attachment_uid":"wp-1d0dbe252c3e21543c46aaef45d24748.jpg","brizy_post_uid":["8907fd2faad8106b36ab26ae57c04241","cf6d2d7ce33e7bd6f28c0451441e1088"]}},{"id":3834,"url":"https:\/\/www.lagazelleperchee.com\/wp-content\/uploads\/2025\/12\/Reserve-naturelle-des-Tourbieres-du-Jolan-et-de-la-Gazelle.jpg","name":"Reserve-naturelle-des-Tourbieres-du-Jolan-et-de-la-Gazelle.jpg","meta":{"brizy_attachment_uid":"wp-2ab9fe94d99313a6379ea7abd5553d0b.jpg","brizy_post_uid":["cf6d2d7ce33e7bd6f28c0451441e1088"]}},{"id":3872,"url":"https:\/\/www.lagazelleperchee.com\/wp-content\/uploads\/2025\/12\/Printemps-des-Poetes-2026-1.jpg","name":"Printemps-des-Poetes-2026-1.jpg","meta":{"brizy_attachment_uid":"wp-4cfa3e0a214b03ae677f30bf8405f047.jpg","brizy_post_uid":["cf6d2d7ce33e7bd6f28c0451441e1088"]}},{"id":3912,"url":"https:\/\/www.lagazelleperchee.com\/wp-content\/uploads\/2025\/12\/Les-Carres-de-Salers.jpg","name":"Les-Carres-de-Salers.jpg","meta":{"brizy_attachment_uid":"wp-f87f046a198611ba745204f2f5aee4f5.jpg","brizy_post_uid":["cf6d2d7ce33e7bd6f28c0451441e1088"]}},{"id":4674,"url":"https:\/\/www.lagazelleperchee.com\/wp-content\/uploads\/2026\/01\/Marie-Helene-Lafon.webp","name":"Marie-Helene-Lafon.webp","meta":{"brizy_attachment_uid":"wp-07e543ec91be1332b87afaec1cbaef16.webp","brizy_post_uid":["cf6d2d7ce33e7bd6f28c0451441e1088"]}},{"id":4703,"url":"https:\/\/www.lagazelleperchee.com\/wp-content\/uploads\/2026\/01\/IMG-20250809-WA00001.jpg","name":"IMG-20250809-WA00001.jpg","meta":{"brizy_attachment_uid":"wp-9f20791b7b92d4c33ba6d57ebdd18488.jpg","brizy_post_uid":["8907fd2faad8106b36ab26ae57c04241","cf6d2d7ce33e7bd6f28c0451441e1088"]}},{"id":4752,"url":"https:\/\/www.lagazelleperchee.com\/wp-content\/uploads\/2026\/03\/5-scaled.jpg","name":"5.jpg","meta":{"brizy_attachment_uid":"wp-0970d36613414b8da4620d4285054e3e.jpg","brizy_post_uid":["cf6d2d7ce33e7bd6f28c0451441e1088"]}},{"id":4796,"url":"https:\/\/www.lagazelleperchee.com\/wp-content\/uploads\/2026\/04\/IMG-20260326-WA0013.jpg","name":"IMG-20260326-WA0013.jpg","meta":{"brizy_attachment_uid":"wp-16d5de1820b98ac9f42610a18bcf8dcb.jpg","brizy_post_uid":["cf6d2d7ce33e7bd6f28c0451441e1088"]}},{"id":4797,"url":"https:\/\/www.lagazelleperchee.com\/wp-content\/uploads\/2026\/04\/IMG-20260326-WA0014.jpg","name":"IMG-20260326-WA0014.jpg","meta":{"brizy_attachment_uid":"wp-2cd73a34b5c7ffe389b4cab5c5ab30e8.jpg","brizy_post_uid":["cf6d2d7ce33e7bd6f28c0451441e1088"]}},{"id":4798,"url":"https:\/\/www.lagazelleperchee.com\/wp-content\/uploads\/2026\/04\/01CABANE.jpg","name":"01CABANE.jpg","meta":{"brizy_attachment_uid":"wp-2b119c8589277147d9cacd1ad7a1205b.jpg","brizy_post_uid":["cf6d2d7ce33e7bd6f28c0451441e1088"]}},{"id":4808,"url":"https:\/\/www.lagazelleperchee.com\/wp-content\/uploads\/2026\/04\/IMG-20241021-WA0022.jpg","name":"IMG-20241021-WA0022.jpg","meta":{"brizy_attachment_uid":"wp-22386ff6d534f20e2475bf7e8d6b6d45.jpg","brizy_post_uid":["cf6d2d7ce33e7bd6f28c0451441e1088"]}},{"id":4809,"url":"https:\/\/www.lagazelleperchee.com\/wp-content\/uploads\/2026\/04\/IMG-20241021-WA0025.jpg","name":"IMG-20241021-WA0025.jpg","meta":{"brizy_attachment_uid":"wp-f0b828b9228f0c6f84a784757737c734.jpg","brizy_post_uid":["cf6d2d7ce33e7bd6f28c0451441e1088"]}},{"id":4810,"url":"https:\/\/www.lagazelleperchee.com\/wp-content\/uploads\/2026\/04\/IMG-20241019-WA0002.jpg","name":"IMG-20241019-WA0002.jpg","meta":{"brizy_attachment_uid":"wp-4bcd3300a3ed00661ddf07deba70d9c1.jpg","brizy_post_uid":["cf6d2d7ce33e7bd6f28c0451441e1088"]}},{"id":4811,"url":"https:\/\/www.lagazelleperchee.com\/wp-content\/uploads\/2026\/04\/27-scaled.jpg","name":"27.jpg","meta":{"brizy_attachment_uid":"wp-3e74827f0ca40e3e118e2c0bb3348b49.jpg","brizy_post_uid":["cf6d2d7ce33e7bd6f28c0451441e1088"]}},{"id":4815,"url":"https:\/\/www.lagazelleperchee.com\/wp-content\/uploads\/2026\/04\/11.jpg","name":"11.jpg","meta":{"brizy_attachment_uid":"wp-01dd6f562c6b5a2f66bfe9722e8b33e0.jpg","brizy_post_uid":["cf6d2d7ce33e7bd6f28c0451441e1088"]}},{"id":4816,"url":"https:\/\/www.lagazelleperchee.com\/wp-content\/uploads\/2026\/04\/40.jpg","name":"40.jpg","meta":{"brizy_attachment_uid":"wp-8daa389d3ed74d512285fc3a6b54b4b3.jpg","brizy_post_uid":["cf6d2d7ce33e7bd6f28c0451441e1088"]}}],"_links":{"self":[{"href":"https:\/\/www.lagazelleperchee.com\/en\/wp-json\/wp\/v2\/posts\/4673","targetHints":{"allow":["GET"]}}],"collection":[{"href":"https:\/\/www.lagazelleperchee.com\/en\/wp-json\/wp\/v2\/posts"}],"about":[{"href":"https:\/\/www.lagazelleperchee.com\/en\/wp-json\/wp\/v2\/types\/post"}],"author":[{"embeddable":true,"href":"https:\/\/www.lagazelleperchee.com\/en\/wp-json\/wp\/v2\/users\/2"}],"replies":[{"embeddable":true,"href":"https:\/\/www.lagazelleperchee.com\/en\/wp-json\/wp\/v2\/comments?post=4673"}],"version-history":[{"count":14,"href":"https:\/\/www.lagazelleperchee.com\/en\/wp-json\/wp\/v2\/posts\/4673\/revisions"}],"predecessor-version":[{"id":4747,"href":"https:\/\/www.lagazelleperchee.com\/en\/wp-json\/wp\/v2\/posts\/4673\/revisions\/4747"}],"wp:featuredmedia":[{"embeddable":true,"href":"https:\/\/www.lagazelleperchee.com\/en\/wp-json\/wp\/v2\/media\/4674"}],"wp:attachment":[{"href":"https:\/\/www.lagazelleperchee.com\/en\/wp-json\/wp\/v2\/media?parent=4673"}],"wp:term":[{"taxonomy":"category","embeddable":true,"href":"https:\/\/www.lagazelleperchee.com\/en\/wp-json\/wp\/v2\/categories?post=4673"},{"taxonomy":"post_tag","embeddable":true,"href":"https:\/\/www.lagazelleperchee.com\/en\/wp-json\/wp\/v2\/tags?post=4673"}],"curies":[{"name":"wp","href":"https:\/\/api.w.org\/{rel}","templated":true}]}}